{"id":231,"date":"2021-11-07T20:25:10","date_gmt":"2021-11-07T20:25:10","guid":{"rendered":"https:\/\/epimoxnews.polimi.it\/?p=231"},"modified":"2021-11-07T20:25:11","modified_gmt":"2021-11-07T20:25:11","slug":"non-tutte-le-crescite-dei-casi-sono-uguali","status":"publish","type":"post","link":"https:\/\/epimoxnews.polimi.it\/?p=231","title":{"rendered":"Non tutte le crescite dei casi sono uguali"},"content":{"rendered":"\n<p>E&#8217; sotto gli occhi di tutti che da alcuni giorni la curva epidemica ha mostrato una nuova risalita. Come gi\u00e0 osservato nel <a href=\"https:\/\/epimoxnews.polimi.it\/?p=221\">precedente post<\/a>, l&#8217;aumento dei nuovi casi \u00e8 solo parzialmente spiegabile con una maggiore numerosit\u00e0 di tamponi associati all&#8217;obbligo di Green Pass sui luoghi di lavoro, entrato in vigore il 15 Ottobre. Infatti, nelle ultime settimane si \u00e8 anche registrato un aumento del numero di ricoverati sia in reparti ordinari che in terapia intensiva.<\/p>\n\n\n\n<p>In Figura riportiamo l&#8217;andamento per ciascuna regione dell&#8217;incidenza di casi (curva rossa) e di ospedalizzazioni (curva blu) ogni 100000 abitanti negli ultimi 2 mesi. Si pu\u00f2 osservare come tali curve mostrano situazioni piuttosto eterogenee sul territorio nazionale. In alcune regioni (ad esempio in Lombardia e in Puglia) l&#8217;aumento relativo del numero di ospedalizzazioni \u00e8 decisamente pi\u00f9 contenuto di quello dei casi positivi. In altre (Friuli, Lazio, Bolzano e Trento) la situazione sembra essere pi\u00f9 preoccupante in quanto all&#8217;aumento dell&#8217;incidenza dei casi positivi corrisponde un aumento relativo addirittura pi\u00f9 rilevante del numero di ospedalizzazioni.<\/p>\n\n\n\n<figure class=\"wp-block-image size-full\"><img loading=\"lazy\" decoding=\"async\" width=\"1000\" height=\"967\" src=\"https:\/\/epimoxnews.polimi.it\/wp-content\/uploads\/2021\/11\/regioni.png\" alt=\"\" class=\"wp-image-232\" srcset=\"https:\/\/epimoxnews.polimi.it\/wp-content\/uploads\/2021\/11\/regioni.png 1000w, https:\/\/epimoxnews.polimi.it\/wp-content\/uploads\/2021\/11\/regioni-300x290.png 300w, https:\/\/epimoxnews.polimi.it\/wp-content\/uploads\/2021\/11\/regioni-768x743.png 768w\" sizes=\"auto, (max-width: 1000px) 100vw, 1000px\" \/><figcaption>Incidenza regionale di casi positivi (curva rossa) e di ospedalizzazioni (curva blu) ogni 100000 abitanti<\/figcaption><\/figure>\n\n\n\n<p><br><\/p>\n","protected":false},"excerpt":{"rendered":"<p>E&#8217; sotto gli occhi di tutti che da alcuni giorni la curva epidemica ha mostrato una nuova risalita. Come gi\u00e0 osservato nel precedente post, l&#8217;aumento dei nuovi casi \u00e8 solo parzialmente spiegabile con una maggiore numerosit\u00e0 di tamponi associati all&#8217;obbligo di Green Pass sui luoghi di lavoro, entrato in vigore il 15 Ottobre. Infatti, nelle [&hellip;]<\/p>\n","protected":false},"author":2,"featured_media":232,"comment_status":"closed","ping_status":"open","sticky":false,"template":"","format":"standard","meta":{"footnotes":""},"categories":[24],"tags":[],"class_list":["post-231","post","type-post","status-publish","format-standard","has-post-thumbnail","hentry","category-epimox"],"_links":{"self":[{"href":"https:\/\/epimoxnews.polimi.it\/index.php?rest_route=\/wp\/v2\/posts\/231","targetHints":{"allow":["GET"]}}],"collection":[{"href":"https:\/\/epimoxnews.polimi.it\/index.php?rest_route=\/wp\/v2\/posts"}],"about":[{"href":"https:\/\/epimoxnews.polimi.it\/index.php?rest_route=\/wp\/v2\/types\/post"}],"author":[{"embeddable":true,"href":"https:\/\/epimoxnews.polimi.it\/index.php?rest_route=\/wp\/v2\/users\/2"}],"replies":[{"embeddable":true,"href":"https:\/\/epimoxnews.polimi.it\/index.php?rest_route=%2Fwp%2Fv2%2Fcomments&post=231"}],"version-history":[{"count":1,"href":"https:\/\/epimoxnews.polimi.it\/index.php?rest_route=\/wp\/v2\/posts\/231\/revisions"}],"predecessor-version":[{"id":233,"href":"https:\/\/epimoxnews.polimi.it\/index.php?rest_route=\/wp\/v2\/posts\/231\/revisions\/233"}],"wp:featuredmedia":[{"embeddable":true,"href":"https:\/\/epimoxnews.polimi.it\/index.php?rest_route=\/wp\/v2\/media\/232"}],"wp:attachment":[{"href":"https:\/\/epimoxnews.polimi.it\/index.php?rest_route=%2Fwp%2Fv2%2Fmedia&parent=231"}],"wp:term":[{"taxonomy":"category","embeddable":true,"href":"https:\/\/epimoxnews.polimi.it\/index.php?rest_route=%2Fwp%2Fv2%2Fcategories&post=231"},{"taxonomy":"post_tag","embeddable":true,"href":"https:\/\/epimoxnews.polimi.it\/index.php?rest_route=%2Fwp%2Fv2%2Ftags&post=231"}],"curies":[{"name":"wp","href":"https:\/\/api.w.org\/{rel}","templated":true}]}}